{"id":3750,"date":"2024-10-01T18:00:00","date_gmt":"2024-10-01T18:00:00","guid":{"rendered":"https:\/\/webneu2025.tsvfrick.ch\/handball\/2024\/10\/01\/50-jahre-jubilaeum-tsv-frick-handball\/"},"modified":"2024-10-01T18:00:00","modified_gmt":"2024-10-01T18:00:00","slug":"50-jahre-jubilaeum-tsv-frick-handball","status":"publish","type":"post","link":"https:\/\/www.tsvfrick.ch\/handball\/news\/matchberichte\/vorschau\/50-jahre-jubilaeum-tsv-frick-handball\/","title":{"rendered":"50. Jahre Jubil\u00e4um &#8211; TSV Frick Handball"},"content":{"rendered":"<p>Liebe Vereinsmitglieder, Freunde und Unterst\u00fctzende unseres Handballvereins,<\/p>\n<p><strong>Im 2025 feiern wir ein ganz besonderes Jubil\u00e4um: Unser Verein wird stolze 50 Jahre alt! Dies ist ein Meilenstein, auf den wir alle gemeinsam stolz sein k\u00f6nnen. Seit der Gr\u00fcndung im Jahr 1975 haben wir zahlreiche Erfolge gefeiert, unz\u00e4hlige unvergessliche Momente erlebt und sind zu einer starken Gemeinschaft zusammengewachsen.<\/strong><\/p>\n<p>Um dieses bedeutende Jubil\u00e4um geb\u00fchrend zu feiern, haben wir ein abwechslungsreiches Programm zusammengestellt, das sich wie ein roter Faden durch das gesamte Jahr ziehen wird. H\u00f6hepunkt wird ein grosses Fest sein, zu dem alle Vereinsmitglieder, Sponsoren, ehemaligen Mitglieder und Freunde des Vereins herzlich eingeladen sind. Dieses Jubil\u00e4um soll nicht nur eine R\u00fcckschau auf die vergangenen f\u00fcnf Jahrzehnte sein, sondern auch ein Blick in die Zukunft, die wir gemeinsam gestalten wollen.<\/p>\n<p><strong>Ein paar Daten im Jubil\u00e4umsjahr<\/strong><\/p>\n<ul>\n<li><strong>1. Januar 2025: Neujahresapero<\/strong> &#8211; Ein offener Empfang f\u00fcr Mitglieder, Sponsoren und alle BewohnerInnen der Gemeinde Frick, um das Jubil\u00e4umsjahr gemeinsam zu begehen.<\/li>\n<li><strong>4. Mai 2025: Softhandballturnier<\/strong> &#8211; Ein Tag voller Handballspass f\u00fcr den ganzen Verein, von Minis \u00fcber JuniorInnen bis zu den Aktiven.<\/li>\n<li><strong>17.\/18. Mai 2025: Turnfahrt<\/strong> &#8211; Ein gemeinsamer Ausflug, der das Vereinsleben st\u00e4rkt und f\u00fcr viele sch\u00f6ne Erinnerungen sorgt.<\/li>\n<li><strong>5. Juli 2025: Jubil\u00e4umsfes<\/strong>t &#8211; Das Highlight unseres Jubil\u00e4umsjahres. Tags\u00fcber ein Familienfest mit Spiel &amp; Spass welches f\u00fcr Freude sorgt. Am Abend grosse Feierlichkeiten f\u00fcr alle \u00fcber 16 Jahren<\/li>\n<li><strong>7. September 2025: Jassturnier<\/strong> &#8211; Ein spannendes Kartenturnier, das Geselligkeit und Wettbewerb verbindet.<\/li>\n<li><strong>6. Dezember 2025: Chlaushock<\/strong> &#8211; Unsere traditionelle Feier zum Samichlaus-Tag, die in diesem Jahr auch den Abschluss des 50-j\u00e4hrigen Jubil\u00e4ums bildet.<\/li>\n<\/ul>\n<p>Zus\u00e4tzlich zu diesen besonderen Anl\u00e4ssen wird unser Vereinsprogramm wie gewohnt viele weitere Termine beinhalten, wie den Saisonabschluss, das dreit\u00e4gige Fr\u00fchlingsfest, die Jugendsportwoche, das Jump-Turnier, den Spaghettiplausch und das JuniorInnen-Trainingslager und vieles mehr, in die wir ebenfalls festliche Elemente einfliessen lassen werden.<\/p>\n<p>Ich lade euch alle herzlich ein, diese besonderen Momente mit uns zu teilen und aktiv an den Feierlichkeiten teilzunehmen. Gemeinsam wollen wir die Vergangenheit w\u00fcrdigen, die Gegenwart feiern und voller Vorfreude in die Zukunft blicken.<\/p>\n<p>Mit sportlichen Gr\u00fcssen,<\/p>\n<p>Davide Cubito<\/p>\n<p> Pr\u00e4sident des TSV Frick Handball<\/p>\n","protected":false},"excerpt":{"rendered":"<p>Liebe Vereinsmitglieder, Freunde und Unterst\u00fctzende unseres Handballvereins, Im 2025 feiern  [&#8230;]<\/p>\n","protected":false},"author":25,"featured_media":3749,"comment_status":"","ping_status":"closed","sticky":false,"template":"","format":"standard","meta":{"_acf_changed":false,"footnotes":""},"categories":[119],"tags":[],"class_list":["post-3750","post","type-post","status-publish","format-standard","has-post-thumbnail","hentry","category-vorschau"],"acf":[],"_links":{"self":[{"href":"https:\/\/www.tsvfrick.ch\/handball\/wp-json\/wp\/v2\/posts\/3750","targetHints":{"allow":["GET"]}}],"collection":[{"href":"https:\/\/www.tsvfrick.ch\/handball\/wp-json\/wp\/v2\/posts"}],"about":[{"href":"https:\/\/www.tsvfrick.ch\/handball\/wp-json\/wp\/v2\/types\/post"}],"author":[{"embeddable":true,"href":"https:\/\/www.tsvfrick.ch\/handball\/wp-json\/wp\/v2\/users\/25"}],"replies":[{"embeddable":true,"href":"https:\/\/www.tsvfrick.ch\/handball\/wp-json\/wp\/v2\/comments?post=3750"}],"version-history":[{"count":0,"href":"https:\/\/www.tsvfrick.ch\/handball\/wp-json\/wp\/v2\/posts\/3750\/revisions"}],"wp:featuredmedia":[{"embeddable":true,"href":"https:\/\/www.tsvfrick.ch\/handball\/wp-json\/wp\/v2\/media\/3749"}],"wp:attachment":[{"href":"https:\/\/www.tsvfrick.ch\/handball\/wp-json\/wp\/v2\/media?parent=3750"}],"wp:term":[{"taxonomy":"category","embeddable":true,"href":"https:\/\/www.tsvfrick.ch\/handball\/wp-json\/wp\/v2\/categories?post=3750"},{"taxonomy":"post_tag","embeddable":true,"href":"https:\/\/www.tsvfrick.ch\/handball\/wp-json\/wp\/v2\/tags?post=3750"}],"curies":[{"name":"wp","href":"https:\/\/api.w.org\/{rel}","templated":true}]}}