{"id":3790,"date":"2024-10-05T07:00:00","date_gmt":"2024-10-05T07:00:00","guid":{"rendered":"https:\/\/webneu2025.tsvfrick.ch\/handball\/2024\/10\/05\/herren-1-matchvorschau-06-10-24-bsv-stans-2-vs-sg-tsv-frick-1\/"},"modified":"2024-10-05T07:00:00","modified_gmt":"2024-10-05T07:00:00","slug":"herren-1-matchvorschau-06-10-24-bsv-stans-2-vs-sg-tsv-frick-1","status":"publish","type":"post","link":"https:\/\/www.tsvfrick.ch\/handball\/news\/matchberichte\/vorschau\/herren-1-matchvorschau-06-10-24-bsv-stans-2-vs-sg-tsv-frick-1\/","title":{"rendered":"Herren 1: Matchvorschau 06.10.24 BSV Stans 2 vs. SG TSV Frick 1"},"content":{"rendered":"<p>Der Fokus f\u00fcr Frick ist klar: Ein Sieg soll her! Nachdem die Fricker F\u00fcchse bereits im Mobiliar-Cup in der fr\u00fcheren Saison gegen die Stanser gewonnen haben, geht das Team von Trainer Marcel Keller selbstbewusst in dieses Meisterschaftsspiel. Der Erfolg im Cup-Match hat gezeigt, dass Frick in der Lage ist, Stans zu schlagen, und genau daran will die Mannschaft ankn\u00fcpfen.<\/p>\n<p>Die Spieler hoffen auf lautstarke Unterst\u00fctzung von den mitreisenden Fans und wollen das Spiel konzentriert und k\u00e4mpferisch angehen, um den positiven Schwung aus den vergangenen Wochen mitzunehmen.<\/p>\n<p>Die Voraussetzungen sind gesetzt \u2013 jetzt gilt es, auf dem Platz zu liefern!<\/p>\n","protected":false},"excerpt":{"rendered":"<p><strong>Am kommenden Sonntag, den 6. Oktober 2024, trifft der TSV Frick ausw\u00e4rts auf die zweite Mannschaft des BSV Stans. Das Spiel beginnt um 16:00 Uhr in der Sporthalle in Stans, und die Fricker Mannschaft reist gemeinsam mit ihren Fans per Car an \u2013 die Vorfreude auf das Duell ist gross.<\/strong><\/p>\n","protected":false},"author":25,"featured_media":3789,"comment_status":"","ping_status":"closed","sticky":false,"template":"","format":"standard","meta":{"_acf_changed":false,"footnotes":""},"categories":[119],"tags":[],"class_list":["post-3790","post","type-post","status-publish","format-standard","has-post-thumbnail","hentry","category-vorschau"],"acf":[],"_links":{"self":[{"href":"https:\/\/www.tsvfrick.ch\/handball\/wp-json\/wp\/v2\/posts\/3790","targetHints":{"allow":["GET"]}}],"collection":[{"href":"https:\/\/www.tsvfrick.ch\/handball\/wp-json\/wp\/v2\/posts"}],"about":[{"href":"https:\/\/www.tsvfrick.ch\/handball\/wp-json\/wp\/v2\/types\/post"}],"author":[{"embeddable":true,"href":"https:\/\/www.tsvfrick.ch\/handball\/wp-json\/wp\/v2\/users\/25"}],"replies":[{"embeddable":true,"href":"https:\/\/www.tsvfrick.ch\/handball\/wp-json\/wp\/v2\/comments?post=3790"}],"version-history":[{"count":0,"href":"https:\/\/www.tsvfrick.ch\/handball\/wp-json\/wp\/v2\/posts\/3790\/revisions"}],"wp:featuredmedia":[{"embeddable":true,"href":"https:\/\/www.tsvfrick.ch\/handball\/wp-json\/wp\/v2\/media\/3789"}],"wp:attachment":[{"href":"https:\/\/www.tsvfrick.ch\/handball\/wp-json\/wp\/v2\/media?parent=3790"}],"wp:term":[{"taxonomy":"category","embeddable":true,"href":"https:\/\/www.tsvfrick.ch\/handball\/wp-json\/wp\/v2\/categories?post=3790"},{"taxonomy":"post_tag","embeddable":true,"href":"https:\/\/www.tsvfrick.ch\/handball\/wp-json\/wp\/v2\/tags?post=3790"}],"curies":[{"name":"wp","href":"https:\/\/api.w.org\/{rel}","templated":true}]}}