{"id":4331,"date":"2025-04-05T20:04:24","date_gmt":"2025-04-05T18:04:24","guid":{"rendered":"https:\/\/webneu2025.tsvfrick.ch\/handball\/?p=4331"},"modified":"2025-04-16T22:59:59","modified_gmt":"2025-04-16T20:59:59","slug":"damen-1-verabschiedungen-von-drei-langjaehrigen-spielerinnen","status":"publish","type":"post","link":"https:\/\/www.tsvfrick.ch\/handball\/news\/matchberichte\/berichte-damen-1\/damen-1-verabschiedungen-von-drei-langjaehrigen-spielerinnen\/","title":{"rendered":"Damen 1: Verabschiedungen von drei langj\u00e4hrigen Spielerinnen"},"content":{"rendered":"<p>Wir m\u00f6chten den drei Spielerinnen vom TSV Frick herzlich f\u00fcr ihr Engagement danken und w\u00fcnschen ihnen auf ihrem weiteren Weg alles Gute.<\/p>\n<p><strong>Nadja Tungprasert<\/strong> war 15, <strong>Tamara Treyer<\/strong> 13 und\u00a0<strong>Jacqueline M\u00f6sch<\/strong> w\u00e4hrend 14 Jahren im Damen 1 aktiv. F\u00fcr die langj\u00e4hrige Treue zum Verein und zum Damen 1 m\u00f6chten wir euch herzlich Danken und freuen uns, euch immer wieder in der Halle begr\u00fcssen zu d\u00fcrfen.<\/p>\n","protected":false},"excerpt":{"rendered":"<p>Das Damen 1 verzeichnet auf Ende dieser Saison drei gewichtige Abg\u00e4nge von langj\u00e4hrigen Spielerinnen.<\/p>\n","protected":false},"author":19,"featured_media":4332,"comment_status":"closed","ping_status":"closed","sticky":false,"template":"","format":"standard","meta":{"_acf_changed":false,"footnotes":""},"categories":[106],"tags":[],"class_list":["post-4331","post","type-post","status-publish","format-standard","has-post-thumbnail","hentry","category-berichte-damen-1"],"acf":[],"_links":{"self":[{"href":"https:\/\/www.tsvfrick.ch\/handball\/wp-json\/wp\/v2\/posts\/4331","targetHints":{"allow":["GET"]}}],"collection":[{"href":"https:\/\/www.tsvfrick.ch\/handball\/wp-json\/wp\/v2\/posts"}],"about":[{"href":"https:\/\/www.tsvfrick.ch\/handball\/wp-json\/wp\/v2\/types\/post"}],"author":[{"embeddable":true,"href":"https:\/\/www.tsvfrick.ch\/handball\/wp-json\/wp\/v2\/users\/19"}],"replies":[{"embeddable":true,"href":"https:\/\/www.tsvfrick.ch\/handball\/wp-json\/wp\/v2\/comments?post=4331"}],"version-history":[{"count":1,"href":"https:\/\/www.tsvfrick.ch\/handball\/wp-json\/wp\/v2\/posts\/4331\/revisions"}],"predecessor-version":[{"id":4333,"href":"https:\/\/www.tsvfrick.ch\/handball\/wp-json\/wp\/v2\/posts\/4331\/revisions\/4333"}],"wp:featuredmedia":[{"embeddable":true,"href":"https:\/\/www.tsvfrick.ch\/handball\/wp-json\/wp\/v2\/media\/4332"}],"wp:attachment":[{"href":"https:\/\/www.tsvfrick.ch\/handball\/wp-json\/wp\/v2\/media?parent=4331"}],"wp:term":[{"taxonomy":"category","embeddable":true,"href":"https:\/\/www.tsvfrick.ch\/handball\/wp-json\/wp\/v2\/categories?post=4331"},{"taxonomy":"post_tag","embeddable":true,"href":"https:\/\/www.tsvfrick.ch\/handball\/wp-json\/wp\/v2\/tags?post=4331"}],"curies":[{"name":"wp","href":"https:\/\/api.w.org\/{rel}","templated":true}]}}